{"id":59401,"date":"2017-09-15T00:00:00","date_gmt":"2017-09-15T00:00:00","guid":{"rendered":"https:\/\/1office.co\/blog\/1office-avas-kontori-hiiumaal\/"},"modified":"2018-05-18T13:12:37","modified_gmt":"2018-05-18T13:12:37","slug":"1office-avas-kontori-hiiumaal","status":"publish","type":"post","link":"https:\/\/1office.co\/et\/blog\/1office-avas-kontori-hiiumaal\/","title":{"rendered":"1Office avas kontori Hiiumaal"},"content":{"rendered":"<p class=\"p1\" style=\"text-align: justify;\"><span class=\"s1\"><b>1Office Group avas septembri alguses harukontori K\u00e4rdlas. Meie Hiiumaa kontor alustas t\u00f6\u00f6d kahe raamatupidajaga ning juba l\u00e4hitulevikus loodame oma meeskonda ja tegevust saarel laiendada.<\/b><\/span><\/p>\n<p class=\"p1\" style=\"text-align: justify;\">Meie t\u00f6\u00f6tajad on harjunud kiire t\u00f6\u00f6tempo ning pideva kasvuga. Seda nii ettev\u00f5tte m\u00f5ttes kui ka isiklikus plaanis &#8211; ettev\u00f5tte strateegia n\u00e4eb ette laienemist v\u00e4hemalt \u00fchte uude Euroopa riiki aastas ning suur osa juhte on v\u00e4lja kasvanud meie enda t\u00f6\u00f6tajate seast. Kiire kasv suunas meid aga ka Eesti siseselt kastist v\u00e4ljapoole m\u00f5tlema ning looma t\u00f6\u00f6kohti Tallinnast eemal.<\/p>\n<p class=\"p1\" style=\"text-align: justify;\">1Office Grupil on kontorid Stockholmis, Londonis, Helsingis ja Riias ning enamus grupi juhtimistegevustest on koondatud Tallinnas asuvasse peakontorisse. Seega omame kogemust, kuidas inimesi ning protsesse eemalt juhtida. Enamus igap\u00e4evasest t\u00f6\u00f6st toimub digitaalsete s\u00fcsteemide kaudu, e-residentsus v\u00f5imaldab ju ka v\u00e4lismaalastel meie riigis\u00fcsteemides ilma f\u00fc\u00fcsiliselt kohale tulemata toimetada ning ettev\u00f5tte kliendid asuvad k\u00f5ikjal \u00fcle maailma &#8211; nii ei olegi tegelikult oluline, kas meie t\u00f6\u00f6tajad asuvad f\u00fc\u00fcsiliselt kesklinna kontoris v\u00f5i teevad t\u00e4pselt sama t\u00f6\u00f6d Hiiumaal.<\/p>\n<p class=\"p1\" style=\"text-align: justify;\"><span class=\"s1\">\u201c<\/span><span class=\"s1\">Esialgu aitame kahel esimesel t\u00f6\u00f6tajal end sisse seada ning tempoga harjuda. Kuna ettev\u00f5tte kliendid on valdavas osas mitteresidendid, kes tegutsevad korraga mitmes riigis, siis kindlasti ei saa t\u00f6\u00f6 lihtne olema \u2013 p\u00f5nevaid ning keerukaid rahvusvahelisi maksuk\u00fcsimusi tuleb ette palju,\u201d s\u00f5nas grupi operatiivjuht Anni Toom.<\/span><\/p>\n<p class=\"p1\" style=\"text-align: justify;\"><span class=\"s1\">\u201cHiidlasena tean ma palju andekaid ja haritud inimesi, kel pole mingil p\u00f5hjusel v\u00f5imalik kodusaarelt eemale kolida. Idee luua harukontor oma kodusaarele Hiiumaale saigi alguse ideest pakkuda sellele probleemile mingi lahendus ning soovist luua tarkasid t\u00f6\u00f6kohti ka mujal kui Tallinnas,\u201d \u00fctles Toom. \u201cSamuti usun ja loodan, et K\u00e4rdla kontori avamine meelitab Hiiumaale tagasi kolima mandril elavaid hiidlasi v\u00f5i lihtsalt saare-elu f\u00e4nne, kes tahaksid elada eemal linnak\u00e4rast- ja melust,\u201d s\u00f5nas Toom.<\/span><\/p>\n<p class=\"p1\" style=\"text-align: justify;\">Seoses Hiiumaa kontori avamisega andsime ka k\u00f5igile oma Tallinna t\u00f6\u00f6tajatele v\u00f5imaluse ka saarelt t\u00f6\u00f6d teha, kui nad m\u00f5neks p\u00e4evaks pealinna melust rahu soovivad saada. Samuti on meie t\u00f6\u00f6tajatel alati v\u00f5imalik teha t\u00f6\u00f6d ka meie teistes riikides asuvatest kontoritest, kui selleks soov v\u00f5i vajadus tekkima peaks. T\u00f6\u00f6\u00fclesanded j\u00e4\u00e4vad muidugi samaks, aga ka lihtne keskkonnavahetus v\u00f5ib vahel v\u00e4ga positiivselt m\u00f5juda.<\/p>\n<p class=\"p1\" style=\"text-align: justify;\">Heade inimeste jaoks on meil 1Office&#8217;s alati ruumi. Meie t\u00f6\u00f6pakkumistel saab pilgu peal hoida <a href=\"https:\/\/1office.bamboohr.co.uk\/jobs\/\" target=\"_blank\" rel=\"noopener\">siin<\/a>.<\/p>\n","protected":false},"excerpt":{"rendered":"<p>1Office Group avas septembri alguses harukontori K\u00e4rdlas. Meie Hiiumaa kontor alustas t\u00f6\u00f6d kahe raamatupidajaga ning juba l\u00e4hitulevikus loodame oma meeskonda ja tegevust saarel laiendada. Meie t\u00f6\u00f6tajad on harjunud kiire t\u00f6\u00f6tempo ning pideva kasvuga. Seda nii ettev\u00f5tte m\u00f5ttes kui ka isiklikus plaanis &#8211; ettev\u00f5tte strateegia n\u00e4eb ette laienemist v\u00e4hemalt \u00fchte uude Euroopa riiki aastas ning suur&hellip;<\/p>\n","protected":false},"author":1,"featured_media":54958,"comment_status":"closed","ping_status":"open","sticky":false,"template":"","format":"standard","meta":{"_acf_changed":false,"inline_featured_image":false,"footnotes":"","_wp_rev_ctl_limit":""},"categories":[353,361],"tags":[],"class_list":["post-59401","post","type-post","status-publish","format-standard","has-post-thumbnail","hentry","category-eesti","category-uudis","category-353","category-361","description-off"],"acf":[],"yoast_head":"<!-- This site is optimized with the Yoast SEO Premium plugin v22.1 (Yoast SEO v27.0) - https:\/\/yoast.com\/product\/yoast-seo-premium-wordpress\/ -->\n<title>Meie k\u00f5ige uuem kontor asub Hiiumaal - 1Office blogi<\/title>\n<meta name=\"description\" content=\"Seoses Hiiumaa kontori avamisega andsime ka k\u00f5igile oma Tallinna t\u00f6\u00f6tajatele v\u00f5imaluse ka saarelt t\u00f6\u00f6d teha, kui nad m\u00f5neks p\u00e4evaks pealinna melust rahu soovivad saada. Samuti on meie t\u00f6\u00f6tajatel alati v\u00f5imalik teha t\u00f6\u00f6d ka meie teistes riikides asuvatest kontoritest, kui selleks soov v\u00f5i vajadus tekkima peaks\" \/>\n<meta name=\"robots\" content=\"index, follow, max-snippet:-1, max-image-preview:large, max-video-preview:-1\" \/>\n<link rel=\"canonical\" href=\"https:\/\/1office.co\/et\/blog\/1office-avas-kontori-hiiumaal\/\" \/>\n<meta property=\"og:locale\" content=\"et_EE\" \/>\n<meta property=\"og:type\" content=\"article\" \/>\n<meta property=\"og:title\" content=\"1Office avas kontori Hiiumaal\" \/>\n<meta property=\"og:description\" content=\"Seoses Hiiumaa kontori avamisega andsime ka k\u00f5igile oma Tallinna t\u00f6\u00f6tajatele v\u00f5imaluse ka saarelt t\u00f6\u00f6d teha, kui nad m\u00f5neks p\u00e4evaks pealinna melust rahu soovivad saada. Samuti on meie t\u00f6\u00f6tajatel alati v\u00f5imalik teha t\u00f6\u00f6d ka meie teistes riikides asuvatest kontoritest, kui selleks soov v\u00f5i vajadus tekkima peaks\" \/>\n<meta property=\"og:url\" content=\"https:\/\/1office.co\/et\/blog\/1office-avas-kontori-hiiumaal\/\" \/>\n<meta property=\"og:site_name\" content=\"1Office\" \/>\n<meta property=\"article:published_time\" content=\"2017-09-15T00:00:00+00:00\" \/>\n<meta property=\"article:modified_time\" content=\"2018-05-18T13:12:37+00:00\" \/>\n<meta property=\"og:image\" content=\"https:\/\/1office.co\/wp-content\/uploads\/2017\/09\/pexels-photo-373883.jpeg\" \/>\n\t<meta property=\"og:image:width\" content=\"1920\" \/>\n\t<meta property=\"og:image:height\" content=\"1280\" \/>\n\t<meta property=\"og:image:type\" content=\"image\/jpeg\" \/>\n<meta name=\"author\" content=\"Michael Maton\" \/>\n<meta name=\"twitter:card\" content=\"summary_large_image\" \/>\n<meta name=\"twitter:label1\" content=\"Written by\" \/>\n\t<meta name=\"twitter:data1\" content=\"Michael Maton\" \/>\n\t<meta name=\"twitter:label2\" content=\"Est. reading time\" \/>\n\t<meta name=\"twitter:data2\" content=\"2 minutit\" \/>\n<script type=\"application\/ld+json\" class=\"yoast-schema-graph\">{\"@context\":\"https:\/\/schema.org\",\"@graph\":[{\"@type\":\"Article\",\"@id\":\"https:\/\/1office.co\/et\/blog\/1office-avas-kontori-hiiumaal\/#article\",\"isPartOf\":{\"@id\":\"https:\/\/1office.co\/et\/blog\/1office-avas-kontori-hiiumaal\/\"},\"author\":{\"name\":\"Michael Maton\",\"@id\":\"https:\/\/1office.co\/et\/#\/schema\/person\/b111e227a218300fbc8d7d5d3dd3c933\"},\"headline\":\"1Office avas kontori Hiiumaal\",\"datePublished\":\"2017-09-15T00:00:00+00:00\",\"dateModified\":\"2018-05-18T13:12:37+00:00\",\"mainEntityOfPage\":{\"@id\":\"https:\/\/1office.co\/et\/blog\/1office-avas-kontori-hiiumaal\/\"},\"wordCount\":400,\"publisher\":{\"@id\":\"https:\/\/1office.co\/et\/#organization\"},\"image\":{\"@id\":\"https:\/\/1office.co\/et\/blog\/1office-avas-kontori-hiiumaal\/#primaryimage\"},\"thumbnailUrl\":\"https:\/\/1office.co\/wp-content\/uploads\/2017\/09\/pexels-photo-373883.jpeg\",\"articleSection\":[\"Eesti\",\"Uudis\"],\"inLanguage\":\"et\"},{\"@type\":\"WebPage\",\"@id\":\"https:\/\/1office.co\/et\/blog\/1office-avas-kontori-hiiumaal\/\",\"url\":\"https:\/\/1office.co\/et\/blog\/1office-avas-kontori-hiiumaal\/\",\"name\":\"Meie k\u00f5ige uuem kontor asub Hiiumaal - 1Office blogi\",\"isPartOf\":{\"@id\":\"https:\/\/1office.co\/et\/#website\"},\"primaryImageOfPage\":{\"@id\":\"https:\/\/1office.co\/et\/blog\/1office-avas-kontori-hiiumaal\/#primaryimage\"},\"image\":{\"@id\":\"https:\/\/1office.co\/et\/blog\/1office-avas-kontori-hiiumaal\/#primaryimage\"},\"thumbnailUrl\":\"https:\/\/1office.co\/wp-content\/uploads\/2017\/09\/pexels-photo-373883.jpeg\",\"datePublished\":\"2017-09-15T00:00:00+00:00\",\"dateModified\":\"2018-05-18T13:12:37+00:00\",\"description\":\"Seoses Hiiumaa kontori avamisega andsime ka k\u00f5igile oma Tallinna t\u00f6\u00f6tajatele v\u00f5imaluse ka saarelt t\u00f6\u00f6d teha, kui nad m\u00f5neks p\u00e4evaks pealinna melust rahu soovivad saada. Samuti on meie t\u00f6\u00f6tajatel alati v\u00f5imalik teha t\u00f6\u00f6d ka meie teistes riikides asuvatest kontoritest, kui selleks soov v\u00f5i vajadus tekkima peaks\",\"breadcrumb\":{\"@id\":\"https:\/\/1office.co\/et\/blog\/1office-avas-kontori-hiiumaal\/#breadcrumb\"},\"inLanguage\":\"et\",\"potentialAction\":[{\"@type\":\"ReadAction\",\"target\":[\"https:\/\/1office.co\/et\/blog\/1office-avas-kontori-hiiumaal\/\"]}]},{\"@type\":\"ImageObject\",\"inLanguage\":\"et\",\"@id\":\"https:\/\/1office.co\/et\/blog\/1office-avas-kontori-hiiumaal\/#primaryimage\",\"url\":\"https:\/\/1office.co\/wp-content\/uploads\/2017\/09\/pexels-photo-373883.jpeg\",\"contentUrl\":\"https:\/\/1office.co\/wp-content\/uploads\/2017\/09\/pexels-photo-373883.jpeg\",\"width\":1920,\"height\":1280,\"caption\":\"1Office avas kontori Hiiumaal\"},{\"@type\":\"BreadcrumbList\",\"@id\":\"https:\/\/1office.co\/et\/blog\/1office-avas-kontori-hiiumaal\/#breadcrumb\",\"itemListElement\":[{\"@type\":\"ListItem\",\"position\":1,\"name\":\"Home\",\"item\":\"https:\/\/1office.co\/et\/\"},{\"@type\":\"ListItem\",\"position\":2,\"name\":\"1Office avas kontori Hiiumaal\"}]},{\"@type\":\"WebSite\",\"@id\":\"https:\/\/1office.co\/et\/#website\",\"url\":\"https:\/\/1office.co\/et\/\",\"name\":\"1Office\",\"description\":\"Making Business Simple\",\"publisher\":{\"@id\":\"https:\/\/1office.co\/et\/#organization\"},\"potentialAction\":[{\"@type\":\"SearchAction\",\"target\":{\"@type\":\"EntryPoint\",\"urlTemplate\":\"https:\/\/1office.co\/et\/?s={search_term_string}\"},\"query-input\":{\"@type\":\"PropertyValueSpecification\",\"valueRequired\":true,\"valueName\":\"search_term_string\"}}],\"inLanguage\":\"et\"},{\"@type\":\"Organization\",\"@id\":\"https:\/\/1office.co\/et\/#organization\",\"name\":\"1Office\",\"url\":\"https:\/\/1office.co\/et\/\",\"logo\":{\"@type\":\"ImageObject\",\"inLanguage\":\"et\",\"@id\":\"https:\/\/1office.co\/et\/#\/schema\/logo\/image\/\",\"url\":\"https:\/\/1office.co\/wp-content\/uploads\/2018\/01\/1office-invoice-logo-2.png\",\"contentUrl\":\"https:\/\/1office.co\/wp-content\/uploads\/2018\/01\/1office-invoice-logo-2.png\",\"width\":300,\"height\":83,\"caption\":\"1Office\"},\"image\":{\"@id\":\"https:\/\/1office.co\/et\/#\/schema\/logo\/image\/\"}},{\"@type\":\"Person\",\"@id\":\"https:\/\/1office.co\/et\/#\/schema\/person\/b111e227a218300fbc8d7d5d3dd3c933\",\"name\":\"Michael Maton\",\"image\":{\"@type\":\"ImageObject\",\"inLanguage\":\"et\",\"@id\":\"https:\/\/1office.co\/et\/#\/schema\/person\/image\/\",\"url\":\"https:\/\/secure.gravatar.com\/avatar\/7a141408f07551677bebeda2e976601823d4d19ed9ff199fd0768713030607ea?s=96&d=mm&r=g\",\"contentUrl\":\"https:\/\/secure.gravatar.com\/avatar\/7a141408f07551677bebeda2e976601823d4d19ed9ff199fd0768713030607ea?s=96&d=mm&r=g\",\"caption\":\"Michael Maton\"},\"url\":\"https:\/\/1office.co\/et\/blog\/author\/wp1office\/\"}]}<\/script>\n<!-- \/ Yoast SEO Premium plugin. -->","yoast_head_json":{"title":"Meie k\u00f5ige uuem kontor asub Hiiumaal - 1Office blogi","description":"Seoses Hiiumaa kontori avamisega andsime ka k\u00f5igile oma Tallinna t\u00f6\u00f6tajatele v\u00f5imaluse ka saarelt t\u00f6\u00f6d teha, kui nad m\u00f5neks p\u00e4evaks pealinna melust rahu soovivad saada. Samuti on meie t\u00f6\u00f6tajatel alati v\u00f5imalik teha t\u00f6\u00f6d ka meie teistes riikides asuvatest kontoritest, kui selleks soov v\u00f5i vajadus tekkima peaks","robots":{"index":"index","follow":"follow","max-snippet":"max-snippet:-1","max-image-preview":"max-image-preview:large","max-video-preview":"max-video-preview:-1"},"canonical":"https:\/\/1office.co\/et\/blog\/1office-avas-kontori-hiiumaal\/","og_locale":"et_EE","og_type":"article","og_title":"1Office avas kontori Hiiumaal","og_description":"Seoses Hiiumaa kontori avamisega andsime ka k\u00f5igile oma Tallinna t\u00f6\u00f6tajatele v\u00f5imaluse ka saarelt t\u00f6\u00f6d teha, kui nad m\u00f5neks p\u00e4evaks pealinna melust rahu soovivad saada. Samuti on meie t\u00f6\u00f6tajatel alati v\u00f5imalik teha t\u00f6\u00f6d ka meie teistes riikides asuvatest kontoritest, kui selleks soov v\u00f5i vajadus tekkima peaks","og_url":"https:\/\/1office.co\/et\/blog\/1office-avas-kontori-hiiumaal\/","og_site_name":"1Office","article_published_time":"2017-09-15T00:00:00+00:00","article_modified_time":"2018-05-18T13:12:37+00:00","og_image":[{"width":1920,"height":1280,"url":"https:\/\/1office.co\/wp-content\/uploads\/2017\/09\/pexels-photo-373883.jpeg","type":"image\/jpeg"}],"author":"Michael Maton","twitter_card":"summary_large_image","twitter_misc":{"Written by":"Michael Maton","Est. reading time":"2 minutit"},"schema":{"@context":"https:\/\/schema.org","@graph":[{"@type":"Article","@id":"https:\/\/1office.co\/et\/blog\/1office-avas-kontori-hiiumaal\/#article","isPartOf":{"@id":"https:\/\/1office.co\/et\/blog\/1office-avas-kontori-hiiumaal\/"},"author":{"name":"Michael Maton","@id":"https:\/\/1office.co\/et\/#\/schema\/person\/b111e227a218300fbc8d7d5d3dd3c933"},"headline":"1Office avas kontori Hiiumaal","datePublished":"2017-09-15T00:00:00+00:00","dateModified":"2018-05-18T13:12:37+00:00","mainEntityOfPage":{"@id":"https:\/\/1office.co\/et\/blog\/1office-avas-kontori-hiiumaal\/"},"wordCount":400,"publisher":{"@id":"https:\/\/1office.co\/et\/#organization"},"image":{"@id":"https:\/\/1office.co\/et\/blog\/1office-avas-kontori-hiiumaal\/#primaryimage"},"thumbnailUrl":"https:\/\/1office.co\/wp-content\/uploads\/2017\/09\/pexels-photo-373883.jpeg","articleSection":["Eesti","Uudis"],"inLanguage":"et"},{"@type":"WebPage","@id":"https:\/\/1office.co\/et\/blog\/1office-avas-kontori-hiiumaal\/","url":"https:\/\/1office.co\/et\/blog\/1office-avas-kontori-hiiumaal\/","name":"Meie k\u00f5ige uuem kontor asub Hiiumaal - 1Office blogi","isPartOf":{"@id":"https:\/\/1office.co\/et\/#website"},"primaryImageOfPage":{"@id":"https:\/\/1office.co\/et\/blog\/1office-avas-kontori-hiiumaal\/#primaryimage"},"image":{"@id":"https:\/\/1office.co\/et\/blog\/1office-avas-kontori-hiiumaal\/#primaryimage"},"thumbnailUrl":"https:\/\/1office.co\/wp-content\/uploads\/2017\/09\/pexels-photo-373883.jpeg","datePublished":"2017-09-15T00:00:00+00:00","dateModified":"2018-05-18T13:12:37+00:00","description":"Seoses Hiiumaa kontori avamisega andsime ka k\u00f5igile oma Tallinna t\u00f6\u00f6tajatele v\u00f5imaluse ka saarelt t\u00f6\u00f6d teha, kui nad m\u00f5neks p\u00e4evaks pealinna melust rahu soovivad saada. Samuti on meie t\u00f6\u00f6tajatel alati v\u00f5imalik teha t\u00f6\u00f6d ka meie teistes riikides asuvatest kontoritest, kui selleks soov v\u00f5i vajadus tekkima peaks","breadcrumb":{"@id":"https:\/\/1office.co\/et\/blog\/1office-avas-kontori-hiiumaal\/#breadcrumb"},"inLanguage":"et","potentialAction":[{"@type":"ReadAction","target":["https:\/\/1office.co\/et\/blog\/1office-avas-kontori-hiiumaal\/"]}]},{"@type":"ImageObject","inLanguage":"et","@id":"https:\/\/1office.co\/et\/blog\/1office-avas-kontori-hiiumaal\/#primaryimage","url":"https:\/\/1office.co\/wp-content\/uploads\/2017\/09\/pexels-photo-373883.jpeg","contentUrl":"https:\/\/1office.co\/wp-content\/uploads\/2017\/09\/pexels-photo-373883.jpeg","width":1920,"height":1280,"caption":"1Office avas kontori Hiiumaal"},{"@type":"BreadcrumbList","@id":"https:\/\/1office.co\/et\/blog\/1office-avas-kontori-hiiumaal\/#breadcrumb","itemListElement":[{"@type":"ListItem","position":1,"name":"Home","item":"https:\/\/1office.co\/et\/"},{"@type":"ListItem","position":2,"name":"1Office avas kontori Hiiumaal"}]},{"@type":"WebSite","@id":"https:\/\/1office.co\/et\/#website","url":"https:\/\/1office.co\/et\/","name":"1Office","description":"Making Business Simple","publisher":{"@id":"https:\/\/1office.co\/et\/#organization"},"potentialAction":[{"@type":"SearchAction","target":{"@type":"EntryPoint","urlTemplate":"https:\/\/1office.co\/et\/?s={search_term_string}"},"query-input":{"@type":"PropertyValueSpecification","valueRequired":true,"valueName":"search_term_string"}}],"inLanguage":"et"},{"@type":"Organization","@id":"https:\/\/1office.co\/et\/#organization","name":"1Office","url":"https:\/\/1office.co\/et\/","logo":{"@type":"ImageObject","inLanguage":"et","@id":"https:\/\/1office.co\/et\/#\/schema\/logo\/image\/","url":"https:\/\/1office.co\/wp-content\/uploads\/2018\/01\/1office-invoice-logo-2.png","contentUrl":"https:\/\/1office.co\/wp-content\/uploads\/2018\/01\/1office-invoice-logo-2.png","width":300,"height":83,"caption":"1Office"},"image":{"@id":"https:\/\/1office.co\/et\/#\/schema\/logo\/image\/"}},{"@type":"Person","@id":"https:\/\/1office.co\/et\/#\/schema\/person\/b111e227a218300fbc8d7d5d3dd3c933","name":"Michael Maton","image":{"@type":"ImageObject","inLanguage":"et","@id":"https:\/\/1office.co\/et\/#\/schema\/person\/image\/","url":"https:\/\/secure.gravatar.com\/avatar\/7a141408f07551677bebeda2e976601823d4d19ed9ff199fd0768713030607ea?s=96&d=mm&r=g","contentUrl":"https:\/\/secure.gravatar.com\/avatar\/7a141408f07551677bebeda2e976601823d4d19ed9ff199fd0768713030607ea?s=96&d=mm&r=g","caption":"Michael Maton"},"url":"https:\/\/1office.co\/et\/blog\/author\/wp1office\/"}]}},"_links":{"self":[{"href":"https:\/\/1office.co\/et\/wp-json\/wp\/v2\/posts\/59401","targetHints":{"allow":["GET"]}}],"collection":[{"href":"https:\/\/1office.co\/et\/wp-json\/wp\/v2\/posts"}],"about":[{"href":"https:\/\/1office.co\/et\/wp-json\/wp\/v2\/types\/post"}],"author":[{"embeddable":true,"href":"https:\/\/1office.co\/et\/wp-json\/wp\/v2\/users\/1"}],"replies":[{"embeddable":true,"href":"https:\/\/1office.co\/et\/wp-json\/wp\/v2\/comments?post=59401"}],"version-history":[{"count":0,"href":"https:\/\/1office.co\/et\/wp-json\/wp\/v2\/posts\/59401\/revisions"}],"wp:featuredmedia":[{"embeddable":true,"href":"https:\/\/1office.co\/et\/wp-json\/wp\/v2\/media\/54958"}],"wp:attachment":[{"href":"https:\/\/1office.co\/et\/wp-json\/wp\/v2\/media?parent=59401"}],"wp:term":[{"taxonomy":"category","embeddable":true,"href":"https:\/\/1office.co\/et\/wp-json\/wp\/v2\/categories?post=59401"},{"taxonomy":"post_tag","embeddable":true,"href":"https:\/\/1office.co\/et\/wp-json\/wp\/v2\/tags?post=59401"}],"curies":[{"name":"wp","href":"https:\/\/api.w.org\/{rel}","templated":true}]}}