{"id":69984,"date":"2023-06-07T14:01:18","date_gmt":"2023-06-07T14:01:18","guid":{"rendered":"https:\/\/1office.co\/?p=69984"},"modified":"2023-10-12T11:12:17","modified_gmt":"2023-10-12T11:12:17","slug":"majanduslik-tooandja-rootsis","status":"publish","type":"post","link":"https:\/\/1office.co\/et\/blog\/majanduslik-tooandja-rootsis\/","title":{"rendered":"T\u00f6\u00f6andja registreering v\u00e4lismaisele ettev\u00f5ttele"},"content":{"rendered":"<div class=\"wpb-content-wrapper\"><p>[vc_row][vc_column][vc_column_text]Rootsi valitsus avaldas 2021.a maksumuudatused, mille j\u00e4rgi v\u00f5etakse kasutusele majandusliku t\u00f6\u00f6andja kontseptsioon. See puudutab v\u00e4lismaiseid t\u00f6\u00f6andjaid, nende t\u00f6\u00f6tajaid ja Rootsi ettev\u00f5tteid, kes ostavad teenuseid v\u00e4lismaa ettev\u00f5tetelt ning kellel puudub F-maksuregistreering.<\/p>\n<p>Varasemalt oli Rootsis p\u00fcsiva tegevuskohata t\u00f6\u00f6andjatele kehtinud termin ametlik t\u00f6\u00f6andja. See t\u00e4hendas, et kui ettev\u00f5ttel ei olnud Rootsis p\u00fcsivat tegevuskohta ning nende t\u00f6\u00f6tajad ei viibinud Rootsis rohkem kui 183 p\u00e4eva 12 kuu jooksul, siis t\u00f6\u00f6andjal ei olnud kohustust Rootsis palka maksta. Seega ei olnud niinimetatud ametlikel t\u00f6\u00f6andjatel tarvis end Rootsi maksuametis ka t\u00f6\u00f6andjaks registreerida.<\/p>\n<p>&nbsp;<\/p>\n<h2><strong><span style=\"color: #99cc00\">Kuidas m\u00f5jutavad uued muudatused v\u00e4lismaiseid t\u00f6\u00f6andjaid?<\/span><\/strong><\/h2>\n<p><strong>\u00a0<\/strong><\/p>\n<p>Maksuseaduse muudatus tutvustas uut majandusliku t\u00f6\u00f6andja kontseptsiooni, mis hakkas teatud juhtudel asendama varasemalt kehtinud ametliku t\u00f6\u00f6andja m\u00f5istet. See t\u00e4hendab, et v\u00e4lismaised t\u00f6\u00f6andjad peavad n\u00fc\u00fcd arvestama mitmeid erinevaid faktoreid, mis m\u00f5jutavad seda, kas neil tekib Rootsis t\u00f6\u00f6tajate palgalt tulumaksu deklareerimise ja maksmise kohustus Rootsi maksuametile v\u00f5i mitte.<\/p>\n<p>Suur hulk v\u00e4lismaa ettev\u00f5tteid peavad n\u00fc\u00fcd taotlema F-maksuregistreeringu, registreerima ennast t\u00f6\u00f6andjaks ning hakkama igakuiselt Rootsi maksuametile deklaratsioone esitama. Tulumaksuna peetakse kinni 30% (25% SINK otsuse alusel).<\/p>\n<p>See seaduse muudatus puudutab ka neid Rootsi ettev\u00f5tteid, kes ostavad teenuseid v\u00e4lismaa ettev\u00f5tetelt ning kellel puudub F-maksuregistreering. Sellises olukorras v\u00f5etakse arvesse, kelle jaoks t\u00f6\u00f6d tehakse, kes vastutab kohapeal t\u00f6\u00f6tajate poolt tehtud t\u00f6\u00f6 eest ning saab selle eest kasu.<\/p>\n<p>Lisaks eelnevale vaadatakse, kes on vastutav tehtud kulude eest ning kes annab t\u00f6\u00f6tajatele juhiseid. K\u00f5ik need asjaolud kokku on m\u00e4\u00e4ravaks, kas Rootsi ettev\u00f5te osutub nii \u00f6elda majanduslikuks t\u00f6\u00f6andjaks. Rootsi ettev\u00f5ttel on \u00f5igus pidada v\u00e4lismaa ettev\u00f5tte poolt esitatavatest arvetest kinni 30% t\u00f6\u00f6tajate tulumaksu osa.<\/p>\n<p>&nbsp;<\/p>\n<h2><strong><span style=\"color: #99cc00\">Kellele kehtivad erandid?<\/span><\/strong><\/h2>\n<p><strong>\u00a0<\/strong><\/p>\n<p>Erandid puudutavad enamjaolt neid ettev\u00f5tteid, kelle t\u00f6\u00f6j\u00f5ud viibib Rootsis piiratud aja jooksul. Uue seaduse kohaselt ei teki tulumaksu kinnipidamise ja deklareerimise kohustust nendel ettev\u00f5tetel, kelle t\u00f6\u00f6tajad ei t\u00f6\u00f6ta ega viibi Rootsis rohkem kui 15 j\u00e4rjestikku p\u00e4eva ning rohkem kui 45 t\u00f6\u00f6p\u00e4eva kalendriaasta jooksul. Kui t\u00f6\u00f6tajad siiski viibivad Rootsis \u00fcle 45 t\u00f6\u00f6p\u00e4eva kalendriaastas, tuleb teatada ainult piirangut \u00fcletavate p\u00e4evade arvust, mille p\u00f5hjal otsustatakse Rootsis palga maksmise kohustuse tekkimise \u00fcle.<\/p>\n<p>&nbsp;<\/p>\n<h2><strong><span style=\"color: #99cc00\">Kuidas edasi toimida?<\/span><\/strong><\/h2>\n<p><strong>\u00a0<\/strong><\/p>\n<p>K\u00f5ik v\u00e4lismaised t\u00f6\u00f6andjad peaksid oma Rootsi t\u00f6\u00f6liste reisi- ja t\u00f6\u00f6ajad \u00fcle vaatama. Selle p\u00f5hjal saab otsustada, kas ollakse vastavuses seadusega v\u00f5i on vajalik F-maksuregistreeringu olemasolu ja end Rootsis t\u00f6\u00f6andjaks registreerida.<\/p>\n<p>Kui selgub, et t\u00f6\u00f6andjal tekib Rootsis maksukohustus, siis tuleks toimida j\u00e4rgmiselt:<\/p>\n<ul>\n<li>Taotleda F-maksuregistreering ja registreerida end t\u00f6\u00f6andjana Rootsi maksuametis<\/li>\n<li>Kehtestada igakuine maksudest kinnipidamise s\u00fcsteem Rootsis<\/li>\n<li>Esitada Rootsis etten\u00e4htud aegadel maksudeklaratsioone<\/li>\n<li>Korraldada ettev\u00f5ttesisene t\u00f6\u00f6tajate reisi- ning t\u00f6\u00f6aegade j\u00e4lgimiss\u00fcsteem, et omada \u00fclevaadet Rootsis maksukohustuste tekkimise \u00fcle<\/li>\n<\/ul>\n<p>&nbsp;<\/p>\n<h2><strong><span style=\"color: #99cc00\">Kuidas saab 1Office aidata?<\/span><\/strong><\/h2>\n<p>&nbsp;<\/p>\n<p>Saame t\u00e4ita sinu eest avalduse, esitada selle Rootsi maksuametile ja vastata tekkinud lisak\u00fcsimustele, et teha kogu protsess sinu jaoks v\u00f5imalikult lihtsaks. Lisaks saame aidata ka igakuise maksuarvestuse ja maksudeklaratsioonide esitamisega.<\/p>\n<p>[\/vc_column_text][\/vc_column][\/vc_row][vc_row][vc_column][vc_empty_space height=&#8221;50px&#8221;]<div id=\"ultimate-heading-269669f4810fc71bd\" class=\"uvc-heading ult-adjust-bottom-margin ultimate-heading-269669f4810fc71bd uvc-4191 \" data-hspacer=\"line_only\"  data-halign=\"left\" style=\"text-align:left\"><div class=\"uvc-main-heading ult-responsive\"  data-ultimate-target='.uvc-heading.ultimate-heading-269669f4810fc71bd h2'  data-responsive-json-new='{\"font-size\":\"desktop:26px;\",\"line-height\":\"\"}' ><h2 style=\"font-family:&#039;Open Sans&#039;;font-weight:800;margin-bottom:10px;\">V\u00f5ta meiega \u00fchendust<\/h2><\/div><div class=\"uvc-heading-spacer line_only\" style=\"margin-bottom:20px;height:1px;\"><span class=\"uvc-headings-line\" style=\"border-style:solid;border-bottom-width:1px;border-color:#9aca3c;width:200px;\"><\/span><\/div><div class=\"uvc-sub-heading ult-responsive\"  data-ultimate-target='.uvc-heading.ultimate-heading-269669f4810fc71bd .uvc-sub-heading '  data-responsive-json-new='{\"font-size\":\"desktop:16px;\",\"line-height\":\"\"}'  style=\"font-family:&#039;Open Sans&#039;;font-weight:normal;margin-bottom:30px;\">Kui olete sellest teenusest huvitatud, siis v\u00f5tke meiega kindlasti \u00fchendust, kas emaili teel v\u00f5i helistades otse meie Rootsi osakonda telefoni numbril <a href=\"tel:+372 518 0354\">+372 518 0354<\/a><\/p>\n<p>Lisaks on v\u00f5imalus broneerida ka 30 minutiline konsultatsioon meie spetsialistiga, kes aitab teil valida \u00f5ige lahenduse ja suunab \u00f5igele rajale.<\/div><\/div>[vc_row_inner content_placement=&#8221;middle&#8221; css=&#8221;.vc_custom_1508309463571{padding-bottom: 60px !important;}&#8221;][vc_column_inner width=&#8221;1\/2&#8243;]<style type=\"text\/css\" data-type=\"the7_shortcodes-inline-css\">#default-btn-b0071a31fa1ce1c2e599593d3fb07c59.ico-right-side > i {\n  margin-right: 0px;\n  margin-left: 8px;\n}\n#default-btn-b0071a31fa1ce1c2e599593d3fb07c59 > i {\n  margin-right: 8px;\n}<\/style><div class=\"btn-align-center\"><a href=\"mailto:sweden@1office.co\" class=\"default-btn-shortcode dt-btn dt-btn-m link-hover-off \" id=\"default-btn-b0071a31fa1ce1c2e599593d3fb07c59\"><span>Saada meile kiri<\/span><\/a><\/div>[\/vc_column_inner][vc_column_inner width=&#8221;1\/2&#8243;]<style type=\"text\/css\" data-type=\"the7_shortcodes-inline-css\">#default-btn-d50fdf3750d853f574d7a9b4fe6fd047.ico-right-side > i {\n  margin-right: 0px;\n  margin-left: 8px;\n}\n#default-btn-d50fdf3750d853f574d7a9b4fe6fd047 > i {\n  margin-right: 8px;\n}<\/style><div class=\"btn-align-center\"><a href=\"https:\/\/calendly.com\/1office-support\/free_consultation\" class=\"default-btn-shortcode dt-btn dt-btn-m link-hover-off \" target=\"_blank\" id=\"default-btn-d50fdf3750d853f574d7a9b4fe6fd047\" rel=\"noopener\"><span>Broneeri konsultatsioon<\/span><\/a><\/div>[\/vc_column_inner][\/vc_row_inner][vc_empty_space height=&#8221;200px&#8221;][\/vc_column][\/vc_row][vc_column][\/vc_column]<\/p>\n<\/div>","protected":false},"excerpt":{"rendered":"<p>Rootsi valitsus tutvustas uut seadust, kus v\u00f5eti kasutusele majandusliku t\u00f6\u00f6andja kontseptsioon. Uus seadus j\u00f5ustub alates 1. jaanuarist 2021.<\/p>\n","protected":false},"author":1402,"featured_media":69961,"comment_status":"closed","ping_status":"open","sticky":false,"template":"","format":"standard","meta":{"_acf_changed":false,"inline_featured_image":false,"footnotes":"","_wp_rev_ctl_limit":""},"categories":[347,358,351,362,361],"tags":[584],"class_list":["post-69984","post","type-post","status-publish","format-standard","has-post-thumbnail","hentry","category-maksud","category-seadused","category-ettevotte-juhtimine","category-rootsi","category-uudis","tag-swe_landing_est","category-347","category-358","category-351","category-362","category-361","description-off"],"acf":[],"yoast_head":"<!-- This site is optimized with the Yoast SEO Premium plugin v22.1 (Yoast SEO v27.0) - https:\/\/yoast.com\/product\/yoast-seo-premium-wordpress\/ -->\n<title>T\u00f6\u00f6andja registreering v\u00e4lismaisele ettev\u00f5ttele - 1Office<\/title>\n<meta name=\"description\" content=\"Rootsi valitsus tutvustas uut seadust, kus v\u00f5eti kasutusele majandusliku t\u00f6\u00f6andja kontseptsioon. Uus seadus j\u00f5ustub alates 1. jaanuarist 2021.\" \/>\n<meta name=\"robots\" content=\"index, follow, max-snippet:-1, max-image-preview:large, max-video-preview:-1\" \/>\n<link rel=\"canonical\" href=\"https:\/\/1office.co\/et\/blog\/majanduslik-tooandja-rootsis\/\" \/>\n<meta property=\"og:locale\" content=\"et_EE\" \/>\n<meta property=\"og:type\" content=\"article\" \/>\n<meta property=\"og:title\" content=\"T\u00f6\u00f6andja registreering v\u00e4lismaisele ettev\u00f5ttele\" \/>\n<meta property=\"og:description\" content=\"Rootsi valitsus tutvustas uut seadust, kus v\u00f5eti kasutusele majandusliku t\u00f6\u00f6andja kontseptsioon. Uus seadus j\u00f5ustub alates 1. jaanuarist 2021.\" \/>\n<meta property=\"og:url\" content=\"https:\/\/1office.co\/et\/blog\/majanduslik-tooandja-rootsis\/\" \/>\n<meta property=\"og:site_name\" content=\"1Office\" \/>\n<meta property=\"article:published_time\" content=\"2023-06-07T14:01:18+00:00\" \/>\n<meta property=\"article:modified_time\" content=\"2023-10-12T11:12:17+00:00\" \/>\n<meta property=\"og:image\" content=\"https:\/\/1office.co\/wp-content\/uploads\/2020\/12\/yoko-correia-nishimiya-vatzqFTFjxY-unsplash-3.jpg\" \/>\n\t<meta property=\"og:image:width\" content=\"1415\" \/>\n\t<meta property=\"og:image:height\" content=\"619\" \/>\n\t<meta property=\"og:image:type\" content=\"image\/jpeg\" \/>\n<meta name=\"author\" content=\"helen\" \/>\n<meta name=\"twitter:card\" content=\"summary_large_image\" \/>\n<meta name=\"twitter:label1\" content=\"Written by\" \/>\n\t<meta name=\"twitter:data1\" content=\"helen\" \/>\n\t<meta name=\"twitter:label2\" content=\"Est. reading time\" \/>\n\t<meta name=\"twitter:data2\" content=\"3 minutit\" \/>\n<script type=\"application\/ld+json\" class=\"yoast-schema-graph\">{\"@context\":\"https:\/\/schema.org\",\"@graph\":[{\"@type\":\"Article\",\"@id\":\"https:\/\/1office.co\/et\/blog\/majanduslik-tooandja-rootsis\/#article\",\"isPartOf\":{\"@id\":\"https:\/\/1office.co\/et\/blog\/majanduslik-tooandja-rootsis\/\"},\"author\":{\"name\":\"helen\",\"@id\":\"https:\/\/1office.co\/et\/#\/schema\/person\/499c73758852378d83f6c2525cfd5c54\"},\"headline\":\"T\u00f6\u00f6andja registreering v\u00e4lismaisele ettev\u00f5ttele\",\"datePublished\":\"2023-06-07T14:01:18+00:00\",\"dateModified\":\"2023-10-12T11:12:17+00:00\",\"mainEntityOfPage\":{\"@id\":\"https:\/\/1office.co\/et\/blog\/majanduslik-tooandja-rootsis\/\"},\"wordCount\":758,\"publisher\":{\"@id\":\"https:\/\/1office.co\/et\/#organization\"},\"image\":{\"@id\":\"https:\/\/1office.co\/et\/blog\/majanduslik-tooandja-rootsis\/#primaryimage\"},\"thumbnailUrl\":\"https:\/\/1office.co\/wp-content\/uploads\/2020\/12\/yoko-correia-nishimiya-vatzqFTFjxY-unsplash-3.jpg\",\"keywords\":[\"swe_landing_est\"],\"articleSection\":[\"Maksud\",\"Seadused\",\"Ettev\u00f5tte juhtimine\",\"Rootsi\",\"Uudis\"],\"inLanguage\":\"et\"},{\"@type\":\"WebPage\",\"@id\":\"https:\/\/1office.co\/et\/blog\/majanduslik-tooandja-rootsis\/\",\"url\":\"https:\/\/1office.co\/et\/blog\/majanduslik-tooandja-rootsis\/\",\"name\":\"T\u00f6\u00f6andja registreering v\u00e4lismaisele ettev\u00f5ttele - 1Office\",\"isPartOf\":{\"@id\":\"https:\/\/1office.co\/et\/#website\"},\"primaryImageOfPage\":{\"@id\":\"https:\/\/1office.co\/et\/blog\/majanduslik-tooandja-rootsis\/#primaryimage\"},\"image\":{\"@id\":\"https:\/\/1office.co\/et\/blog\/majanduslik-tooandja-rootsis\/#primaryimage\"},\"thumbnailUrl\":\"https:\/\/1office.co\/wp-content\/uploads\/2020\/12\/yoko-correia-nishimiya-vatzqFTFjxY-unsplash-3.jpg\",\"datePublished\":\"2023-06-07T14:01:18+00:00\",\"dateModified\":\"2023-10-12T11:12:17+00:00\",\"description\":\"Rootsi valitsus tutvustas uut seadust, kus v\u00f5eti kasutusele majandusliku t\u00f6\u00f6andja kontseptsioon. Uus seadus j\u00f5ustub alates 1. jaanuarist 2021.\",\"breadcrumb\":{\"@id\":\"https:\/\/1office.co\/et\/blog\/majanduslik-tooandja-rootsis\/#breadcrumb\"},\"inLanguage\":\"et\",\"potentialAction\":[{\"@type\":\"ReadAction\",\"target\":[\"https:\/\/1office.co\/et\/blog\/majanduslik-tooandja-rootsis\/\"]}]},{\"@type\":\"ImageObject\",\"inLanguage\":\"et\",\"@id\":\"https:\/\/1office.co\/et\/blog\/majanduslik-tooandja-rootsis\/#primaryimage\",\"url\":\"https:\/\/1office.co\/wp-content\/uploads\/2020\/12\/yoko-correia-nishimiya-vatzqFTFjxY-unsplash-3.jpg\",\"contentUrl\":\"https:\/\/1office.co\/wp-content\/uploads\/2020\/12\/yoko-correia-nishimiya-vatzqFTFjxY-unsplash-3.jpg\",\"width\":1415,\"height\":619,\"caption\":\"majanduslik t\u00f6\u00f6andja\"},{\"@type\":\"BreadcrumbList\",\"@id\":\"https:\/\/1office.co\/et\/blog\/majanduslik-tooandja-rootsis\/#breadcrumb\",\"itemListElement\":[{\"@type\":\"ListItem\",\"position\":1,\"name\":\"Home\",\"item\":\"https:\/\/1office.co\/et\/\"},{\"@type\":\"ListItem\",\"position\":2,\"name\":\"T\u00f6\u00f6andja registreering v\u00e4lismaisele ettev\u00f5ttele\"}]},{\"@type\":\"WebSite\",\"@id\":\"https:\/\/1office.co\/et\/#website\",\"url\":\"https:\/\/1office.co\/et\/\",\"name\":\"1Office\",\"description\":\"Making Business Simple\",\"publisher\":{\"@id\":\"https:\/\/1office.co\/et\/#organization\"},\"potentialAction\":[{\"@type\":\"SearchAction\",\"target\":{\"@type\":\"EntryPoint\",\"urlTemplate\":\"https:\/\/1office.co\/et\/?s={search_term_string}\"},\"query-input\":{\"@type\":\"PropertyValueSpecification\",\"valueRequired\":true,\"valueName\":\"search_term_string\"}}],\"inLanguage\":\"et\"},{\"@type\":\"Organization\",\"@id\":\"https:\/\/1office.co\/et\/#organization\",\"name\":\"1Office\",\"url\":\"https:\/\/1office.co\/et\/\",\"logo\":{\"@type\":\"ImageObject\",\"inLanguage\":\"et\",\"@id\":\"https:\/\/1office.co\/et\/#\/schema\/logo\/image\/\",\"url\":\"https:\/\/1office.co\/wp-content\/uploads\/2018\/01\/1office-invoice-logo-2.png\",\"contentUrl\":\"https:\/\/1office.co\/wp-content\/uploads\/2018\/01\/1office-invoice-logo-2.png\",\"width\":300,\"height\":83,\"caption\":\"1Office\"},\"image\":{\"@id\":\"https:\/\/1office.co\/et\/#\/schema\/logo\/image\/\"}},{\"@type\":\"Person\",\"@id\":\"https:\/\/1office.co\/et\/#\/schema\/person\/499c73758852378d83f6c2525cfd5c54\",\"name\":\"helen\",\"image\":{\"@type\":\"ImageObject\",\"inLanguage\":\"et\",\"@id\":\"https:\/\/1office.co\/et\/#\/schema\/person\/image\/\",\"url\":\"https:\/\/secure.gravatar.com\/avatar\/0b69c1a49e58533507d3876edeb6717749eb69c72175c9f55063c0a04c248adc?s=96&d=mm&r=g\",\"contentUrl\":\"https:\/\/secure.gravatar.com\/avatar\/0b69c1a49e58533507d3876edeb6717749eb69c72175c9f55063c0a04c248adc?s=96&d=mm&r=g\",\"caption\":\"helen\"},\"url\":\"https:\/\/1office.co\/et\/blog\/author\/helen\/\"}]}<\/script>\n<!-- \/ Yoast SEO Premium plugin. -->","yoast_head_json":{"title":"T\u00f6\u00f6andja registreering v\u00e4lismaisele ettev\u00f5ttele - 1Office","description":"Rootsi valitsus tutvustas uut seadust, kus v\u00f5eti kasutusele majandusliku t\u00f6\u00f6andja kontseptsioon. Uus seadus j\u00f5ustub alates 1. jaanuarist 2021.","robots":{"index":"index","follow":"follow","max-snippet":"max-snippet:-1","max-image-preview":"max-image-preview:large","max-video-preview":"max-video-preview:-1"},"canonical":"https:\/\/1office.co\/et\/blog\/majanduslik-tooandja-rootsis\/","og_locale":"et_EE","og_type":"article","og_title":"T\u00f6\u00f6andja registreering v\u00e4lismaisele ettev\u00f5ttele","og_description":"Rootsi valitsus tutvustas uut seadust, kus v\u00f5eti kasutusele majandusliku t\u00f6\u00f6andja kontseptsioon. Uus seadus j\u00f5ustub alates 1. jaanuarist 2021.","og_url":"https:\/\/1office.co\/et\/blog\/majanduslik-tooandja-rootsis\/","og_site_name":"1Office","article_published_time":"2023-06-07T14:01:18+00:00","article_modified_time":"2023-10-12T11:12:17+00:00","og_image":[{"width":1415,"height":619,"url":"https:\/\/1office.co\/wp-content\/uploads\/2020\/12\/yoko-correia-nishimiya-vatzqFTFjxY-unsplash-3.jpg","type":"image\/jpeg"}],"author":"helen","twitter_card":"summary_large_image","twitter_misc":{"Written by":"helen","Est. reading time":"3 minutit"},"schema":{"@context":"https:\/\/schema.org","@graph":[{"@type":"Article","@id":"https:\/\/1office.co\/et\/blog\/majanduslik-tooandja-rootsis\/#article","isPartOf":{"@id":"https:\/\/1office.co\/et\/blog\/majanduslik-tooandja-rootsis\/"},"author":{"name":"helen","@id":"https:\/\/1office.co\/et\/#\/schema\/person\/499c73758852378d83f6c2525cfd5c54"},"headline":"T\u00f6\u00f6andja registreering v\u00e4lismaisele ettev\u00f5ttele","datePublished":"2023-06-07T14:01:18+00:00","dateModified":"2023-10-12T11:12:17+00:00","mainEntityOfPage":{"@id":"https:\/\/1office.co\/et\/blog\/majanduslik-tooandja-rootsis\/"},"wordCount":758,"publisher":{"@id":"https:\/\/1office.co\/et\/#organization"},"image":{"@id":"https:\/\/1office.co\/et\/blog\/majanduslik-tooandja-rootsis\/#primaryimage"},"thumbnailUrl":"https:\/\/1office.co\/wp-content\/uploads\/2020\/12\/yoko-correia-nishimiya-vatzqFTFjxY-unsplash-3.jpg","keywords":["swe_landing_est"],"articleSection":["Maksud","Seadused","Ettev\u00f5tte juhtimine","Rootsi","Uudis"],"inLanguage":"et"},{"@type":"WebPage","@id":"https:\/\/1office.co\/et\/blog\/majanduslik-tooandja-rootsis\/","url":"https:\/\/1office.co\/et\/blog\/majanduslik-tooandja-rootsis\/","name":"T\u00f6\u00f6andja registreering v\u00e4lismaisele ettev\u00f5ttele - 1Office","isPartOf":{"@id":"https:\/\/1office.co\/et\/#website"},"primaryImageOfPage":{"@id":"https:\/\/1office.co\/et\/blog\/majanduslik-tooandja-rootsis\/#primaryimage"},"image":{"@id":"https:\/\/1office.co\/et\/blog\/majanduslik-tooandja-rootsis\/#primaryimage"},"thumbnailUrl":"https:\/\/1office.co\/wp-content\/uploads\/2020\/12\/yoko-correia-nishimiya-vatzqFTFjxY-unsplash-3.jpg","datePublished":"2023-06-07T14:01:18+00:00","dateModified":"2023-10-12T11:12:17+00:00","description":"Rootsi valitsus tutvustas uut seadust, kus v\u00f5eti kasutusele majandusliku t\u00f6\u00f6andja kontseptsioon. Uus seadus j\u00f5ustub alates 1. jaanuarist 2021.","breadcrumb":{"@id":"https:\/\/1office.co\/et\/blog\/majanduslik-tooandja-rootsis\/#breadcrumb"},"inLanguage":"et","potentialAction":[{"@type":"ReadAction","target":["https:\/\/1office.co\/et\/blog\/majanduslik-tooandja-rootsis\/"]}]},{"@type":"ImageObject","inLanguage":"et","@id":"https:\/\/1office.co\/et\/blog\/majanduslik-tooandja-rootsis\/#primaryimage","url":"https:\/\/1office.co\/wp-content\/uploads\/2020\/12\/yoko-correia-nishimiya-vatzqFTFjxY-unsplash-3.jpg","contentUrl":"https:\/\/1office.co\/wp-content\/uploads\/2020\/12\/yoko-correia-nishimiya-vatzqFTFjxY-unsplash-3.jpg","width":1415,"height":619,"caption":"majanduslik t\u00f6\u00f6andja"},{"@type":"BreadcrumbList","@id":"https:\/\/1office.co\/et\/blog\/majanduslik-tooandja-rootsis\/#breadcrumb","itemListElement":[{"@type":"ListItem","position":1,"name":"Home","item":"https:\/\/1office.co\/et\/"},{"@type":"ListItem","position":2,"name":"T\u00f6\u00f6andja registreering v\u00e4lismaisele ettev\u00f5ttele"}]},{"@type":"WebSite","@id":"https:\/\/1office.co\/et\/#website","url":"https:\/\/1office.co\/et\/","name":"1Office","description":"Making Business Simple","publisher":{"@id":"https:\/\/1office.co\/et\/#organization"},"potentialAction":[{"@type":"SearchAction","target":{"@type":"EntryPoint","urlTemplate":"https:\/\/1office.co\/et\/?s={search_term_string}"},"query-input":{"@type":"PropertyValueSpecification","valueRequired":true,"valueName":"search_term_string"}}],"inLanguage":"et"},{"@type":"Organization","@id":"https:\/\/1office.co\/et\/#organization","name":"1Office","url":"https:\/\/1office.co\/et\/","logo":{"@type":"ImageObject","inLanguage":"et","@id":"https:\/\/1office.co\/et\/#\/schema\/logo\/image\/","url":"https:\/\/1office.co\/wp-content\/uploads\/2018\/01\/1office-invoice-logo-2.png","contentUrl":"https:\/\/1office.co\/wp-content\/uploads\/2018\/01\/1office-invoice-logo-2.png","width":300,"height":83,"caption":"1Office"},"image":{"@id":"https:\/\/1office.co\/et\/#\/schema\/logo\/image\/"}},{"@type":"Person","@id":"https:\/\/1office.co\/et\/#\/schema\/person\/499c73758852378d83f6c2525cfd5c54","name":"helen","image":{"@type":"ImageObject","inLanguage":"et","@id":"https:\/\/1office.co\/et\/#\/schema\/person\/image\/","url":"https:\/\/secure.gravatar.com\/avatar\/0b69c1a49e58533507d3876edeb6717749eb69c72175c9f55063c0a04c248adc?s=96&d=mm&r=g","contentUrl":"https:\/\/secure.gravatar.com\/avatar\/0b69c1a49e58533507d3876edeb6717749eb69c72175c9f55063c0a04c248adc?s=96&d=mm&r=g","caption":"helen"},"url":"https:\/\/1office.co\/et\/blog\/author\/helen\/"}]}},"_links":{"self":[{"href":"https:\/\/1office.co\/et\/wp-json\/wp\/v2\/posts\/69984","targetHints":{"allow":["GET"]}}],"collection":[{"href":"https:\/\/1office.co\/et\/wp-json\/wp\/v2\/posts"}],"about":[{"href":"https:\/\/1office.co\/et\/wp-json\/wp\/v2\/types\/post"}],"author":[{"embeddable":true,"href":"https:\/\/1office.co\/et\/wp-json\/wp\/v2\/users\/1402"}],"replies":[{"embeddable":true,"href":"https:\/\/1office.co\/et\/wp-json\/wp\/v2\/comments?post=69984"}],"version-history":[{"count":0,"href":"https:\/\/1office.co\/et\/wp-json\/wp\/v2\/posts\/69984\/revisions"}],"wp:featuredmedia":[{"embeddable":true,"href":"https:\/\/1office.co\/et\/wp-json\/wp\/v2\/media\/69961"}],"wp:attachment":[{"href":"https:\/\/1office.co\/et\/wp-json\/wp\/v2\/media?parent=69984"}],"wp:term":[{"taxonomy":"category","embeddable":true,"href":"https:\/\/1office.co\/et\/wp-json\/wp\/v2\/categories?post=69984"},{"taxonomy":"post_tag","embeddable":true,"href":"https:\/\/1office.co\/et\/wp-json\/wp\/v2\/tags?post=69984"}],"curies":[{"name":"wp","href":"https:\/\/api.w.org\/{rel}","templated":true}]}}